{"id":92,"date":"2015-09-26T11:16:57","date_gmt":"2015-09-26T09:16:57","guid":{"rendered":"http:\/\/dirk-diedrich.de\/?p=92"},"modified":"2015-09-26T11:16:57","modified_gmt":"2015-09-26T09:16:57","slug":"radtour-spd-ov-heide","status":"publish","type":"post","link":"https:\/\/dirk-diedrich.de\/?p=92","title":{"rendered":"Radtour Ortsverein Heide"},"content":{"rendered":"<p>Die Stadt Heide ist interessant, das ist unser Eindruck, den wir aus dem gro\u00dfen Zuspruch der B\u00fcrgerinnen und B\u00fcrger gewonnen haben. Der SPD-OV Heide lud zu einer kommunalen Radtour, um an insgesamt acht Stationen \u00fcber die Entwicklung der Stadt zu informieren und zu diskutieren. Wir starteten mit einem \u00dcberblick \u00fcber die Stadt, den wir uns vom Rathausdach aus verschafft haben. Die Reise f\u00fchrte uns \u00fcber den Schuhmacherort, wo an der historischen Pumpe die Entwicklungsm\u00f6glichkeiten der sch\u00f6nen Heider Stra\u00dfe er\u00f6rtert wurden. Der Bauamtleiter Georg Jahnsen informierte die Radlerinnen und Radler.<!--more--><\/p>\n<p>Der weitere Weg f\u00fchrte unter anderem an dem Telekomgeba\u00fcde, der Waldschl\u00f6\u00dfchenstra\u00dfe, den Turnhallen, der FH und der Entwicklungsagentur vorbei. In der Entwicklungsagentur gab es noch eine Pr\u00e4sentation f\u00fcr alle, sodass die B\u00fcrgerinnen und B\u00fcrger einmal einen besonderen Einblick hinter die Kulissen bekamen.\u00a0 Wir haben jeweils interessante Aspekte der einzelnen Orte er\u00f6rtert. Unterdessen wurde auf der sch\u00f6nen Museumsinsel der Grill schon angeheizt. Als kleine St\u00e4rkung zum Abschluss war es gedacht, doch es entwickelten sich kreative Diskussionen, die unseren positiven Eindruck best\u00e4tigten.<\/p>\n<figure id=\"attachment_90\" aria-describedby=\"caption-attachment-90\" style=\"width: 300px\" class=\"wp-caption alignleft\"><a href=\"https:\/\/dirk-diedrich.de\/wp-content\/uploads\/2015\/09\/Radtour-Grillen.jpg\"><img loading=\"lazy\" decoding=\"async\" class=\"size-medium wp-image-90\" src=\"http:\/\/ddiedrich.akdigitalegesellschaft.de\/wp-content\/uploads\/sites\/40\/2015\/09\/Radtour-Grillen-300x200.jpg\" alt=\"Kleine St\u00e4rkung am Ende der informativen Tour\" width=\"300\" height=\"200\" srcset=\"https:\/\/dirk-diedrich.de\/wp-content\/uploads\/2015\/09\/Radtour-Grillen-300x200.jpg 300w, https:\/\/dirk-diedrich.de\/wp-content\/uploads\/2015\/09\/Radtour-Grillen.jpg 448w\" sizes=\"auto, (max-width: 300px) 100vw, 300px\" \/><\/a><figcaption id=\"caption-attachment-90\" class=\"wp-caption-text\">Kleine St\u00e4rkung am Ende der informativen Tour<\/figcaption><\/figure>\n<p>Einige Heiderinnen und Heider waren das erste mal auf der Museumsinsel und waren begeistert von dem besonderen Ambiente. Sicher waren sich alle, dass wir das im n\u00e4chsten Jahr wiederholen sollten. Wenn ich f\u00fcr mich pers\u00f6nlich diesen sch\u00f6nen Tag bewerten soll, dann kann ich sagen, dass es mir gefallen hat. Nicht, dass ich mich gern als Grillmeister oute, aber ich war begeistert \u00fcber die Gespr\u00e4che mit den B\u00fcrgerinnen und B\u00fcrgern. Das Flair der Museumsinsel, wenn die Tische und B\u00e4nke vom Marktfrieden aufgestellt sind, das ist schon besonders. Das Team der Museumsinsel hat uns toll unterst\u00fctzt, wir durften sogar Teller und Besteck ausleihen.<\/p>\n<p>Vielleicht k\u00f6nnen wir n\u00e4chstes Jahr mit ein paar mehr Menschen rechnen? Es w\u00fcrde mich sehr freuen, wenn wir diese Tour f\u00fcr Alle so etablieren, dass wir Transparenz und B\u00fcrgerbeteiligung leben k\u00f6nnen.<\/p>\n<p>&nbsp;<\/p>\n","protected":false},"excerpt":{"rendered":"<p>Die Stadt Heide ist interessant, das ist unser Eindruck, den wir aus dem gro\u00dfen Zuspruch der B\u00fcrgerinnen und B\u00fcrger gewonnen haben. Der SPD-OV Heide lud zu einer kommunalen Radtour, um an insgesamt acht Stationen \u00fcber die Entwicklung der Stadt zu informieren und zu diskutieren. Wir starteten mit einem \u00dcberblick \u00fcber die Stadt, den wir uns [&hellip;]<\/p>\n","protected":false},"author":1,"featured_media":91,"comment_status":"open","ping_status":"open","sticky":false,"template":"","format":"standard","meta":{"footnotes":""},"categories":[3],"tags":[47],"class_list":["post-92","post","type-post","status-publish","format-standard","has-post-thumbnail","hentry","category-heide","tag-radfahren"],"_links":{"self":[{"href":"https:\/\/dirk-diedrich.de\/index.php?rest_route=\/wp\/v2\/posts\/92","targetHints":{"allow":["GET"]}}],"collection":[{"href":"https:\/\/dirk-diedrich.de\/index.php?rest_route=\/wp\/v2\/posts"}],"about":[{"href":"https:\/\/dirk-diedrich.de\/index.php?rest_route=\/wp\/v2\/types\/post"}],"author":[{"embeddable":true,"href":"https:\/\/dirk-diedrich.de\/index.php?rest_route=\/wp\/v2\/users\/1"}],"replies":[{"embeddable":true,"href":"https:\/\/dirk-diedrich.de\/index.php?rest_route=%2Fwp%2Fv2%2Fcomments&post=92"}],"version-history":[{"count":0,"href":"https:\/\/dirk-diedrich.de\/index.php?rest_route=\/wp\/v2\/posts\/92\/revisions"}],"wp:featuredmedia":[{"embeddable":true,"href":"https:\/\/dirk-diedrich.de\/index.php?rest_route=\/wp\/v2\/media\/91"}],"wp:attachment":[{"href":"https:\/\/dirk-diedrich.de\/index.php?rest_route=%2Fwp%2Fv2%2Fmedia&parent=92"}],"wp:term":[{"taxonomy":"category","embeddable":true,"href":"https:\/\/dirk-diedrich.de\/index.php?rest_route=%2Fwp%2Fv2%2Fcategories&post=92"},{"taxonomy":"post_tag","embeddable":true,"href":"https:\/\/dirk-diedrich.de\/index.php?rest_route=%2Fwp%2Fv2%2Ftags&post=92"}],"curies":[{"name":"wp","href":"https:\/\/api.w.org\/{rel}","templated":true}]}}