{"id":864,"date":"2019-01-04T07:25:21","date_gmt":"2019-01-04T06:25:21","guid":{"rendered":"https:\/\/dirk-diedrich.de\/?p=864"},"modified":"2019-01-04T07:25:21","modified_gmt":"2019-01-04T06:25:21","slug":"wo-das-problem-der-spd-eigentlich-liegt","status":"publish","type":"post","link":"https:\/\/dirk-diedrich.de\/?p=864","title":{"rendered":"Wo das Problem der SPD eigentlich liegt"},"content":{"rendered":"<p>Die SPD sieht sich sicherlich zurecht als Arbeiterpartei. Sie streitet seit \u00fcber 150 Jahren f\u00fcr die Rechte von anh\u00e4ngig Besch\u00e4ftigten Menschen. Die Erfolge in der Vergangenheit sind unumstritten. Es ginge uns nicht so gut wie heute, wenn die SPD nicht als Regulativ eingegriffen h\u00e4tte. Der Zeit immer einen gewissen Schritt voraus. Das war die Grundidee der Partei. War&#8230;.<!--more--><\/p>\n<h3>Ein Bild:<\/h3>\n<p>Ich bediene mich ja ganz gerne mal einer Metapher (l\u00e4stiges Fremdwort, mir f\u00e4llt nichts anderes ein) um Dinge etwas anschaulicher zu machen. Meine Metapher passt relativ gut zwischen SPD und Autoentwicklung. Die SPD baut Autos. In den 1970er Jahren die Revolution: Der Anschnallgurt. Politisch die Ostvertr\u00e4ge und die gro\u00dfe Bildungsreform. Der 2. Bildungsweg wird Salonf\u00e4hig. Die graduierten Ingenieure werden zu Dipl. Ing. FH, und an Beruflichen Schulen kann Abitur gemacht werden.<\/p>\n<h3>Update 2.34.24.1<\/h3>\n<p>Die Politik der letzten 30 Jahre ist aber im Wesentlichen nur noch ein &#8220;Verbessern&#8221;. Manchmal wird&#8217;s auch komplizierter und schlimmer. Der letzte Koalitionsvertrag ist das beste Beispiel. Viele Gute Sachen. Zum Teil auch Krams, den wir als Partei selber verschuldet haben. Aber &#8220;entwicklungstechnisch&#8221; ist es eben nur vergleichbar mit einem Softwareupdate f\u00fcr das ABS, einem Update f\u00fcr den Tageskilometerz\u00e4hler, oder einem neuen Heckspoliler, der den cw Wert des Autos in der 4. Nachkommastelle verbessert.<\/p>\n<p>Wir sind uns alle Einig, dass es in der Zukunft andere Fortbewegungskonzepte bedarf als den klassischen Verbrennungsmotor, dennoch baut die SPD weiter Autos. Sie optimieren mit viel Energie und Kraft jede Schraube und jedes Blech, ohne zu verstehen, dass sie ihre Energie in die Forschung nach neuen Konzepten stecken m\u00fcssen. Wir brauchen ein neues Konzept. Eine neue Idee f\u00fcr 2030.<\/p>\n<p>Unsere Gesellschaft wird sich schneller ver\u00e4ndern als wir es jemals glauben werden. Wenn wir da nicht den gestalterischen Anspruch f\u00fcr \u00fcbermorgen haben, dann sind wir morgen \u00fcberfl\u00fcssig.<\/p>\n<p>Die Krankenversorgung, die Pflege, die Rente, die Bildung. Generelle Gerechtigkeitsfragen, auch zur Umverteilung des gesamten Kapitals innerhalb der Volkswirtschaft sind die Herausforderungen f\u00fcr den demokratischen Sozialismus, aber die &#8220;Entwicklungsabteilung&#8221; optimiert und denkt nicht neu!<\/p>\n<h3>Zukunft gestalten<\/h3>\n<p>In den 1980ern haben wir es schon verpennt \u00fcber eine Maschinensteuer nachzudenken, ich hab dazu schon oft was geschrieben, aber jetzt wird es Zeit die digitale Wertsch\u00f6pfungskette zu durchbrechen. Wieder gehen Arbeitspl\u00e4tze verloren. Dies ist ja erst einmal nicht problematisch, aber alle Sozialsysteme basieren auf der Solidarit\u00e4t innerhalb der abh\u00e4ngig besch\u00e4ftigten Erwerbsarbeit. Die Zukunft muss unsere Geschichte werden die wir schreiben wollen, sonst sind wir in Zukunft Geschichte!<\/p>\n","protected":false},"excerpt":{"rendered":"<p>Die SPD sieht sich sicherlich zurecht als Arbeiterpartei. Sie streitet seit \u00fcber 150 Jahren f\u00fcr die Rechte von anh\u00e4ngig Besch\u00e4ftigten Menschen. Die Erfolge in der Vergangenheit sind unumstritten. Es ginge uns nicht so gut wie heute, wenn die SPD nicht als Regulativ eingegriffen h\u00e4tte. Der Zeit immer einen gewissen Schritt voraus. Das war die Grundidee [&hellip;]<\/p>\n","protected":false},"author":1,"featured_media":73,"comment_status":"open","ping_status":"open","sticky":false,"template":"","format":"standard","meta":{"footnotes":""},"categories":[1],"tags":[11,44,53,54,55,56],"class_list":["post-864","post","type-post","status-publish","format-standard","has-post-thumbnail","hentry","category-allgemein","tag-bildung","tag-partei","tag-solidaritaet","tag-sozialdemokratie","tag-sozialismus","tag-spd"],"_links":{"self":[{"href":"https:\/\/dirk-diedrich.de\/index.php?rest_route=\/wp\/v2\/posts\/864","targetHints":{"allow":["GET"]}}],"collection":[{"href":"https:\/\/dirk-diedrich.de\/index.php?rest_route=\/wp\/v2\/posts"}],"about":[{"href":"https:\/\/dirk-diedrich.de\/index.php?rest_route=\/wp\/v2\/types\/post"}],"author":[{"embeddable":true,"href":"https:\/\/dirk-diedrich.de\/index.php?rest_route=\/wp\/v2\/users\/1"}],"replies":[{"embeddable":true,"href":"https:\/\/dirk-diedrich.de\/index.php?rest_route=%2Fwp%2Fv2%2Fcomments&post=864"}],"version-history":[{"count":0,"href":"https:\/\/dirk-diedrich.de\/index.php?rest_route=\/wp\/v2\/posts\/864\/revisions"}],"wp:featuredmedia":[{"embeddable":true,"href":"https:\/\/dirk-diedrich.de\/index.php?rest_route=\/wp\/v2\/media\/73"}],"wp:attachment":[{"href":"https:\/\/dirk-diedrich.de\/index.php?rest_route=%2Fwp%2Fv2%2Fmedia&parent=864"}],"wp:term":[{"taxonomy":"category","embeddable":true,"href":"https:\/\/dirk-diedrich.de\/index.php?rest_route=%2Fwp%2Fv2%2Fcategories&post=864"},{"taxonomy":"post_tag","embeddable":true,"href":"https:\/\/dirk-diedrich.de\/index.php?rest_route=%2Fwp%2Fv2%2Ftags&post=864"}],"curies":[{"name":"wp","href":"https:\/\/api.w.org\/{rel}","templated":true}]}}