{"id":79,"date":"2015-09-25T15:14:08","date_gmt":"2015-09-25T13:14:08","guid":{"rendered":"http:\/\/dirk-diedrich.de\/?p=79"},"modified":"2015-09-25T15:14:08","modified_gmt":"2015-09-25T13:14:08","slug":"macht-und-ohnmacht-in-der-politik","status":"publish","type":"post","link":"https:\/\/dirk-diedrich.de\/?p=79","title":{"rendered":"Macht und Ohnmacht in der &#8220;Politik&#8221;"},"content":{"rendered":"<p>Man glaubt ja manchmal, wenn man in der Politik ist, dann kann man die Welt ver\u00e4ndern. Z\u00fcgig wird man aber von der Realit\u00e4t eingeholt. Mir geht das immer \u00f6fters so. Neuestes Beispiel ist das &#8220;<a href=\"https:\/\/de.wikipedia.org\/wiki\/Dr%C3%BCsiges_Springkraut\" target=\"_blank\" rel=\"noopener\">indische Springkraut<\/a>&#8220;, das mich seit Jahren \u00e4rgert.<!--more--><\/p>\n<p>Was \u00e4rgert ich daran? Es ist eine eingeschleppte Zierpflanze, die sich relativ z\u00fcgellos ausbreitet. Meine erste Erfahrung habe ich w\u00e4hrend einer Kanutour an der Ilmenau gemacht. Die gesamten Uferr\u00e4nder waren voll davon.<\/p>\n<p>Dann ging ich nach einigen Jahren mal wieder im R\u00fcsdorfer Moor meine &#8220;Hunderunde&#8221; an den Kuhlen ab, und mir fiel auf, dass ich eine Kuhle gar nicht mehr sehen konnte. Hoppla, mehrere hundert Quadratmeter einfach verwuchert mit Springkraut. Naja, ein Zufall dachte ich.<\/p>\n<p>Im folgenden Jahr spro\u00df das Kraut dann an der Umgehungsstra\u00dfe am Fritz-Thiedemann-Ring. Mittlerweile war ich ja Ratsherr und erz\u00e4hlte in der Ratsversammlung davon. Allgemeines L\u00e4cheln erntete ich.<\/p>\n<figure id=\"attachment_115\" aria-describedby=\"caption-attachment-115\" style=\"width: 169px\" class=\"wp-caption alignright\"><a href=\"https:\/\/dirk-diedrich.de\/wp-content\/uploads\/2015\/09\/IMAG2576.jpg\" target=\"_blank\" rel=\"noopener\"><img loading=\"lazy\" decoding=\"async\" class=\"wp-image-115 size-medium\" src=\"http:\/\/ddiedrich.akdigitalegesellschaft.de\/wp-content\/uploads\/sites\/40\/2015\/09\/IMAG2576-169x300.jpg\" alt=\"Sch\u00f6nes Rhododendrenbeet an einer Birke\" width=\"169\" height=\"300\" srcset=\"https:\/\/dirk-diedrich.de\/wp-content\/uploads\/2015\/09\/IMAG2576-169x300.jpg 169w, https:\/\/dirk-diedrich.de\/wp-content\/uploads\/2015\/09\/IMAG2576-576x1024.jpg 576w, https:\/\/dirk-diedrich.de\/wp-content\/uploads\/2015\/09\/IMAG2576-768x1365.jpg 768w, https:\/\/dirk-diedrich.de\/wp-content\/uploads\/2015\/09\/IMAG2576-864x1536.jpg 864w, https:\/\/dirk-diedrich.de\/wp-content\/uploads\/2015\/09\/IMAG2576-1152x2048.jpg 1152w, https:\/\/dirk-diedrich.de\/wp-content\/uploads\/2015\/09\/IMAG2576-1568x2788.jpg 1568w, https:\/\/dirk-diedrich.de\/wp-content\/uploads\/2015\/09\/IMAG2576-scaled.jpg 1440w\" sizes=\"auto, (max-width: 169px) 100vw, 169px\" \/><\/a><figcaption id=\"caption-attachment-115\" class=\"wp-caption-text\">Sch\u00f6nes Rhododendrenbeet an einer Birke<\/figcaption><\/figure>\n<p>Nun ist wieder ein Jahr vergangen, nichts ist geschehen. Das Kraut steht da nicht nur immer noch, sondern es ist flugs auf dem Vormarsch. Die ersten Gr\u00e4ben weit hinter der Br\u00fccke sind schon voll. Dort wo Springkraut w\u00e4chst, wird kein heimischer Rohrkolben, der bekanntlich gesch\u00fctzt ist, mehr wachsen. Dieses &#8220;fiese Gew\u00e4chs&#8221; ist mittlereile sogar in den Kreistannen angekommen. Dabei w\u00e4re es so einfach, diese einj\u00e4hrige Pflanze einzud\u00e4mmen in dem man sie einfach abm\u00e4ht oder abschneidet, ehe sie beginnt Samenkapseln zu bilden.<\/p>\n<p>Es \u00e4rgert mich einfach, wie schleichend und fast unbeachtet die heimischen Gew\u00e4chse kaputt gehen. Wenn ihr helfen wollt, dann schaut euch gern mal bei Wikipedia die Bilder an und organisiert euch auf euren Grundst\u00fccken.<\/p>\n","protected":false},"excerpt":{"rendered":"<p>Man glaubt ja manchmal, wenn man in der Politik ist, dann kann man die Welt ver\u00e4ndern. Z\u00fcgig wird man aber von der Realit\u00e4t eingeholt. Mir geht das immer \u00f6fters so. Neuestes Beispiel ist das &#8220;indische Springkraut&#8220;, das mich seit Jahren \u00e4rgert.<\/p>\n","protected":false},"author":1,"featured_media":110,"comment_status":"open","ping_status":"open","sticky":false,"template":"","format":"standard","meta":{"footnotes":""},"categories":[3],"tags":[15,26,60],"class_list":["post-79","post","type-post","status-publish","format-standard","has-post-thumbnail","hentry","category-heide","tag-dithmarschen","tag-heide","tag-umwelt"],"_links":{"self":[{"href":"https:\/\/dirk-diedrich.de\/index.php?rest_route=\/wp\/v2\/posts\/79","targetHints":{"allow":["GET"]}}],"collection":[{"href":"https:\/\/dirk-diedrich.de\/index.php?rest_route=\/wp\/v2\/posts"}],"about":[{"href":"https:\/\/dirk-diedrich.de\/index.php?rest_route=\/wp\/v2\/types\/post"}],"author":[{"embeddable":true,"href":"https:\/\/dirk-diedrich.de\/index.php?rest_route=\/wp\/v2\/users\/1"}],"replies":[{"embeddable":true,"href":"https:\/\/dirk-diedrich.de\/index.php?rest_route=%2Fwp%2Fv2%2Fcomments&post=79"}],"version-history":[{"count":0,"href":"https:\/\/dirk-diedrich.de\/index.php?rest_route=\/wp\/v2\/posts\/79\/revisions"}],"wp:featuredmedia":[{"embeddable":true,"href":"https:\/\/dirk-diedrich.de\/index.php?rest_route=\/wp\/v2\/media\/110"}],"wp:attachment":[{"href":"https:\/\/dirk-diedrich.de\/index.php?rest_route=%2Fwp%2Fv2%2Fmedia&parent=79"}],"wp:term":[{"taxonomy":"category","embeddable":true,"href":"https:\/\/dirk-diedrich.de\/index.php?rest_route=%2Fwp%2Fv2%2Fcategories&post=79"},{"taxonomy":"post_tag","embeddable":true,"href":"https:\/\/dirk-diedrich.de\/index.php?rest_route=%2Fwp%2Fv2%2Ftags&post=79"}],"curies":[{"name":"wp","href":"https:\/\/api.w.org\/{rel}","templated":true}]}}