{"id":782,"date":"2018-07-31T09:28:08","date_gmt":"2018-07-31T07:28:08","guid":{"rendered":"https:\/\/dirk-diedrich.de\/?p=782"},"modified":"2018-07-31T09:28:08","modified_gmt":"2018-07-31T07:28:08","slug":"die-kita-frage-fruehkindliche-bildung-ist-bildung","status":"publish","type":"post","link":"https:\/\/dirk-diedrich.de\/?p=782","title":{"rendered":"Die KiTa-Frage: fr\u00fchkindliche Bildung ist Bildung?"},"content":{"rendered":"<p>In den Zeiten des Sommerlochs werden mal wieder einige Themen in den Focus ger\u00fcckt, die man sonst im Laufe des normalen Politikbetriebes nicht so mitbekommt. Aktuell ist es der Slogan, dass fr\u00fchkindliche Bildung in der KiTa kostenfrei sein muss, weil es ja Bildung ist.\u00a0<!--more--><\/p>\n<p>Ok, erstmal in mich hineingehorcht. Ist es Bildung? Ja, es ist f\u00fcr mich Bildung, Sozialisierung, Spracherwerb, also kann ich mit dieser Formulierung gut leben. Aber dennoch st\u00f6rt mich was daran.\u00a0 Ist auch relativ einfach gesagt was. Wenn wir \u00fcber Bildung reden, dann ist es doch so geregelt, dass der Bildungsauftrag in der L\u00e4nderhoheit liegt. Kommunen, und Kreise sind Tr\u00e4ger der Bildungseinrichtungen, die L\u00e4nder stellen das Personal.<\/p>\n<p>Bei den Kitas ist es anders. Der \u00fcberwiegende Teil der Kitas ist in &#8220;privater&#8221; Hand, die wenigsten Kitas werden durch Kommunen getragen.<\/p>\n<p>Wenn man jetzt also mit dem Argument, dass KiTa ein Teil der Bildung w\u00e4re auf die Kostenfreiheit pocht, dann muss man folgerichtig aber auch die Erzieherinnen und Erzieher in die L\u00e4nderhoheit \u00fcberf\u00fchren und, wenn es nach mir ginge auch verbeamten.<\/p>\n<p>Der Diskurs den man nun starten m\u00fcsste, muss sich daran orientieren, wie man das bei den privaten Anbietern umsetzt. Denn die Lehrerinnen und Lehrer an Privatschulen werden ja auch nicht durch den Staat bezahlt. Es k\u00e4me also in meinen Augen zu einem Wettbewerb zwischen kirchlichen, staatlichen und rein privaten KiTas. Wir sollten also anfangen diese Gedanken weiter zu denken.<\/p>\n<p>Getreu dem Motto, wer A sagt, der muss auch B sagen. Wir d\u00fcrfen hier nicht ein Thema &#8220;andiskutieren&#8221; und dann halb fertig liegen lassen.<\/p>\n<p>Bitte lest auch gern meine anderen Blogbeitr\u00e4ge.<\/p>\n<p>Und folgt mir auf <a href=\"https:\/\/twitter.com\/DirkDiedrich\" target=\"_blank\" rel=\"noopener\">Twitter<\/a><\/p>\n","protected":false},"excerpt":{"rendered":"<p>In den Zeiten des Sommerlochs werden mal wieder einige Themen in den Focus ger\u00fcckt, die man sonst im Laufe des normalen Politikbetriebes nicht so mitbekommt. Aktuell ist es der Slogan, dass fr\u00fchkindliche Bildung in der KiTa kostenfrei sein muss, weil es ja Bildung ist.\u00a0<\/p>\n","protected":false},"author":1,"featured_media":277,"comment_status":"open","ping_status":"open","sticky":false,"template":"","format":"standard","meta":{"footnotes":""},"categories":[1,5],"tags":[11,31,56],"class_list":["post-782","post","type-post","status-publish","format-standard","has-post-thumbnail","hentry","category-allgemein","category-pressemitteilung","tag-bildung","tag-kita","tag-spd"],"_links":{"self":[{"href":"https:\/\/dirk-diedrich.de\/index.php?rest_route=\/wp\/v2\/posts\/782","targetHints":{"allow":["GET"]}}],"collection":[{"href":"https:\/\/dirk-diedrich.de\/index.php?rest_route=\/wp\/v2\/posts"}],"about":[{"href":"https:\/\/dirk-diedrich.de\/index.php?rest_route=\/wp\/v2\/types\/post"}],"author":[{"embeddable":true,"href":"https:\/\/dirk-diedrich.de\/index.php?rest_route=\/wp\/v2\/users\/1"}],"replies":[{"embeddable":true,"href":"https:\/\/dirk-diedrich.de\/index.php?rest_route=%2Fwp%2Fv2%2Fcomments&post=782"}],"version-history":[{"count":0,"href":"https:\/\/dirk-diedrich.de\/index.php?rest_route=\/wp\/v2\/posts\/782\/revisions"}],"wp:featuredmedia":[{"embeddable":true,"href":"https:\/\/dirk-diedrich.de\/index.php?rest_route=\/wp\/v2\/media\/277"}],"wp:attachment":[{"href":"https:\/\/dirk-diedrich.de\/index.php?rest_route=%2Fwp%2Fv2%2Fmedia&parent=782"}],"wp:term":[{"taxonomy":"category","embeddable":true,"href":"https:\/\/dirk-diedrich.de\/index.php?rest_route=%2Fwp%2Fv2%2Fcategories&post=782"},{"taxonomy":"post_tag","embeddable":true,"href":"https:\/\/dirk-diedrich.de\/index.php?rest_route=%2Fwp%2Fv2%2Ftags&post=782"}],"curies":[{"name":"wp","href":"https:\/\/api.w.org\/{rel}","templated":true}]}}