{"id":749,"date":"2018-02-27T14:36:01","date_gmt":"2018-02-27T13:36:01","guid":{"rendered":"https:\/\/dirk-diedrich.de\/?p=749"},"modified":"2018-02-27T14:36:01","modified_gmt":"2018-02-27T13:36:01","slug":"auftrag-erfuellt-basis-uebernehmen-sie-spd","status":"publish","type":"post","link":"https:\/\/dirk-diedrich.de\/?p=749","title":{"rendered":"Auftrag erf\u00fcllt: Basis \u00fcbernehmen Sie! #SPD"},"content":{"rendered":"<p>Der Diedrich hat sein Ziel erreicht, er kann gehen. Huch, was ist das f\u00fcr eine \u00dcberschrift? &#8220;Aufrag erf\u00fcllt&#8221;? Ja, ich habe mit dem was ich Anfang Februar los getreten habe quasi viel erreicht. Die Partei redet miteinander. In unz\u00e4hligen Ortsvereinen finden Debatten statt, ob es richtig ist, sich permanent dem Diktat der F\u00fchrung zu beugen. Es treten viele Menschen an die \u00d6ffentlichkeit und sagen: &#8220;Mit mir nicht.&#8221; Die Basis hat nun eine Wahl.<\/p>\n<p><!--more--><\/p>\n<p>Die Debatten- und Streitkultur innerhalb unserer Partei war schon immer ber\u00fchmt, und teils auch ber\u00fcchtigt. In Bezug auf meine Person, und auch in Bezug auf die Personengruppen in der SPD, die ein \u00e4hnliches Politikbild haben, nimmt es aber etwas skurrile Z\u00fcge an. Nein, es folgen nun keine Schuldzuweisungen. Es folgt auch kein MiMiMi. Was ich dem kurzen Statement oben folgen lassen will sind: Zehn Fragen an mich selber von Euch.<\/p>\n<p>1, Wie stehst Du zu der Agendapolitik und den Sanktionen bei H4?<\/p>\n<p>Ich kann die Agendapolitik damals als notwendige Ma\u00dfnahme der Politik nachvollziehen, wenn es um die Unterst\u00fctzung der Wirtschaft geht. Bzw. Um die Kommunen, die damals die Hauptlast zu tragen hatten. Die breite Mehrheit der Menschen hat den &#8220;G\u00fcrtel enger geschnallt&#8221;, um eine gewisse Belebung der Konjunktur zu erm\u00f6glichen. Falsch war es jedoch, nach dem die Konjunktur wieder lief, alles so zu belassen. Der eingeschn\u00fcrte G\u00fcrtel hilft immer noch den Superreichen und die Schere zwischen Arm und Reich geht schneller auseinander als gedacht. Zu Sanktionen: Der grunds\u00e4tzlich gute Ansatz von &#8220;f\u00f6rdern und fordern&#8221; wird meiner Meinung nach derma\u00dfen verformt, dass der Mensch in seiner W\u00fcrde verletzt wird. Ich will als Individuum meinem Staat vertrauen. Wie kann ich das, wenn das gesamte System auf Misstrauen beruht? Die SPD Schleswig Holstein hat in ihrem Gerechtigkeitspapier einige gute Vorschl\u00e4ge zur sofortigen Aufhebung von Sanktionen beschrieben. Zus\u00e4tzlich habe ich <a href=\"https:\/\/dirk-diedrich.de\/cumex-die-macht-der-zahlen\/\" target=\"_blank\" rel=\"noopener\">hier<\/a>\u00a0 was zum Thema Sanktionen geschrieben.<\/p>\n<p>2. Wie w\u00e4re dein Leitspruch: Pragmatismus oder Sozialismus?<\/p>\n<p>Kann ich so nicht beantworten, da ich beides f\u00fcr falsch halte. Wer immer nur pragmatisch denkt, der wird immer nur mit Medikamenten Symptome behandeln, anstatt die Krankheit. Der Sozialismus an sich ist gescheitert, da die Gier des einzelnen nicht innerhalb von wenigen Jahren zu beseitigen ist. Echte soziale Marktwirtschaft, und echte Bildungspolitik kann aber den Weg zur Gesundung des Systems verstetigen.<\/p>\n<p>3, Ist das Bef\u00fcrworten des Dieselfahrverbotes in deinen Augen sinnvoll?<\/p>\n<p>Jein. Ich finde der B\u00fcrger ist somit der Leidtragende. Jeweils 1\/3 der Emissionen kommen aus Haushalten, Industrie und Verkehr. Global gedacht ist es sinnvoll alle drei Faktoren anzufassen. Man kann nichts verbrennen, ohne CO2 zu erzeugen. Wohl aber kann man bilanzieren, und CO2 aus der Luft gewinnen. Wer Innenst\u00e4dte sauber haben will, der sollte in Ballungsr\u00e4umen auf Fernw\u00e4rme setzen. Konsequent alternative Antriebe nutzen und kostenlose P+R anbieten. Der Mensch hat ein Mobilit\u00e4tsproblem, da wir lange nicht mehr alle da wohnen wo unsere Arbeit ist. Warum gibt es keine Lieferkonzepte f\u00fcr Hamburg wo nachts Container mit Waren durch die U- und S-Bahn rollen, die dann tags\u00fcber durch kleine E-LKW verteilt werden?<\/p>\n<p>4, Warum regt sich jeder \u00fcber die Essener Tafel auf, anstatt gegen die Regierung zu demonstrieren?<\/p>\n<p>Gute Frage! Ohne nun allen Betreibern von Tafeln auf die F\u00fc\u00dfe zu treten. W\u00e4re es nicht erstrebenswert, wenn wir in einem so reichen Land keine Tafeln br\u00e4uchten?<\/p>\n<p>5, Was befindest du am Wichtigsten, was sich in der SPD so schnell wie m\u00f6glich \u00e4ndern sollte?<\/p>\n<ul>\n<li>Mehr direkte Demokratie wagen (Trennung von Amt und Mandat)<\/li>\n<li>Mehr B\u00fcrgerbeteiligung (Wahrnehmung der Interessen aller Mehrheiten)<\/li>\n<li>Mehr Bildungsprogramme, Studienm\u00f6glichkeiten \u00fcber die FES, mehr F\u00f6rderung des Ehrenamtes<\/li>\n<\/ul>\n<p>6,\u00a0 Warum sollten Erzieher\/innen und Lehrer\/innen verbeamtet werden\/bleiben?<\/p>\n<p>Bildung ist f\u00fcr mich hoheitliche Aufgabe. Ich bin da vielleicht ein wenig altmodisch. Abgesehen davon kenne ich leider NOCH keine Erzieherinnen und Erzieher die verbeamtet sind. W\u00e4re meiner Meinung nach erstrebenswert. So, wie Schulsozialarbeiterinnen und Schulsozialarbeiter auch. Bildung ist Auftrag des Staates und diesen muss er erf\u00fcllen. Punkt.<\/p>\n<p>7, Wie definieren Sie soziale Gerechtigkeit und wie m\u00fcsste diese #grundgesetzkonform umgesetzt werden?<\/p>\n<p>Spannend diese Frage. Ich finde im #GG steht schon &#8220;Die W\u00fcrde des Menschen ist unantastbar.&#8221; viellicht fangen wir damit mal an? Denn es lebt lange nicht jeder in W\u00fcrde in diesem unserem Land. Sozial gerecht ist es, wenn jeder nach seinen M\u00f6glichkeiten sich finanziell und auch materiell an dem Gesamtwohlstand beteiligt. Reiche mehr als \u00e4rmere Menschen. Damit wir aber zu einer L\u00f6sung der von Ihnen gestellten Frage kommen, m\u00fcsste man erst mal dar\u00fcber reden, und das geschieht viel zu wenig, und viel zu leise.<\/p>\n<p>8, Brauchen wir eine offene Fl\u00fcgelauseinandersetzung in der SPD?<\/p>\n<p>Dazu <a href=\"https:\/\/dirk-diedrich.de\/volkspartei-spd\/\" target=\"_blank\" rel=\"noopener\">hier<\/a> mehr &#8230; Nein, brauchen wir nicht. Innerparteilichen Diskurs, ja. Gepr\u00e4gt von Respekt und Anerkennung.<\/p>\n<p>9. Sollen wir bei den \u00d6sterreichern abschreiben in Bezug auf die Rente?<\/p>\n<p>Nun, ich denke da relativ einfach. Wer sein Leben lang arbeitet muss mehr haben als jemand der weniger arbeitet, das gebietet die Gerechtigkeit. Aber mal ehrlich von 48% kann man nicht leben, au\u00dfer man war im Erwerbsleben im oberen drittel&#8230;. Die Rente k\u00f6nnte auf andere Beine gestellt werden. Als solidarisches System. Alle zahlen ein. Nicht in Form einer Versicherung, sondern eher wie ein steuerfinanziertes Fondssystem. Es geht dabei um Wertsch\u00e4tzung. Und so wie es im Moment ist, ist es nicht wertsch\u00e4tzend. Und, JA &#8230; man darf gern mal \u00fcber die Grenze schauen!<\/p>\n<p>10, Gesamtverschuldung unter 60% bekommen wie die Maastrichtkriterien es vorsehen, wichtig, oder nicht?<\/p>\n<p>Also, aus dem Auge eines einfachen Menschen, wenn ich zu viele Zinsen zu bezahlen habe, dann werde ich von der Schuldenlast erdr\u00fcckt. Anders ist es aber auch so, wenn ich merke, dass ich nur f\u00fcr Zinsen arbeite, und mir nichts mehr leisten kann, dann leidet meine Moral. Ich habe keine Lust mehr zu arbeiten. Folglich kann ich auch keine Zinsen mehr zahlen. Maastricht ist f\u00fcr mich also in Zeiten von Niedrigen Zinsen eher nicht das Problem, sondern die Verteilung der erwirtschafteten Ertr\u00e4ge im Land.<\/p>\n<p>Gut&#8230; ich bin fertig&#8230; Danke f\u00fcr Eure Fragen.<\/p>\n<p>Und: Ich bin raus!<\/p>\n<p>&nbsp;<\/p>\n<p>&nbsp;<\/p>\n","protected":false},"excerpt":{"rendered":"<p>Der Diedrich hat sein Ziel erreicht, er kann gehen. Huch, was ist das f\u00fcr eine \u00dcberschrift? &#8220;Aufrag erf\u00fcllt&#8221;? Ja, ich habe mit dem was ich Anfang Februar los getreten habe quasi viel erreicht. Die Partei redet miteinander. In unz\u00e4hligen Ortsvereinen finden Debatten statt, ob es richtig ist, sich permanent dem Diktat der F\u00fchrung zu beugen. [&hellip;]<\/p>\n","protected":false},"author":1,"featured_media":9,"comment_status":"open","ping_status":"open","sticky":false,"template":"","format":"standard","meta":{"footnotes":""},"categories":[5],"tags":[],"class_list":["post-749","post","type-post","status-publish","format-standard","has-post-thumbnail","hentry","category-pressemitteilung"],"_links":{"self":[{"href":"https:\/\/dirk-diedrich.de\/index.php?rest_route=\/wp\/v2\/posts\/749","targetHints":{"allow":["GET"]}}],"collection":[{"href":"https:\/\/dirk-diedrich.de\/index.php?rest_route=\/wp\/v2\/posts"}],"about":[{"href":"https:\/\/dirk-diedrich.de\/index.php?rest_route=\/wp\/v2\/types\/post"}],"author":[{"embeddable":true,"href":"https:\/\/dirk-diedrich.de\/index.php?rest_route=\/wp\/v2\/users\/1"}],"replies":[{"embeddable":true,"href":"https:\/\/dirk-diedrich.de\/index.php?rest_route=%2Fwp%2Fv2%2Fcomments&post=749"}],"version-history":[{"count":0,"href":"https:\/\/dirk-diedrich.de\/index.php?rest_route=\/wp\/v2\/posts\/749\/revisions"}],"wp:featuredmedia":[{"embeddable":true,"href":"https:\/\/dirk-diedrich.de\/index.php?rest_route=\/wp\/v2\/media\/9"}],"wp:attachment":[{"href":"https:\/\/dirk-diedrich.de\/index.php?rest_route=%2Fwp%2Fv2%2Fmedia&parent=749"}],"wp:term":[{"taxonomy":"category","embeddable":true,"href":"https:\/\/dirk-diedrich.de\/index.php?rest_route=%2Fwp%2Fv2%2Fcategories&post=749"},{"taxonomy":"post_tag","embeddable":true,"href":"https:\/\/dirk-diedrich.de\/index.php?rest_route=%2Fwp%2Fv2%2Ftags&post=749"}],"curies":[{"name":"wp","href":"https:\/\/api.w.org\/{rel}","templated":true}]}}