{"id":71,"date":"2015-09-25T07:36:29","date_gmt":"2015-09-25T05:36:29","guid":{"rendered":"http:\/\/dirk-diedrich.de\/?p=71"},"modified":"2015-09-25T07:36:29","modified_gmt":"2015-09-25T05:36:29","slug":"hafen-friedrichskoog","status":"publish","type":"post","link":"https:\/\/dirk-diedrich.de\/?p=71","title":{"rendered":"Hafen Friedrichskoog"},"content":{"rendered":"<p>Ich sagte schon, dass ich Dithmarscher bin, oder? Wisst Ihr, was wir gar nicht m\u00f6gen? Menschen, die uns f\u00fcr dumm verkaufen wollen!<\/p>\n<p>Da posiert Daniel G\u00fcnther vor der Kulisse des Hafens in Friedrichskoog und macht einen auf verst\u00e4ndnisvoller Politiker. In mir drin kommen Gedanken wie: &#8220;Wenn ihr damals die Schlie\u00dfung nicht beschlossen h\u00e4ttet, dann k\u00f6nntest du jetzt auch besser &#8216;ne Radtour machen.&#8221; <!--more-->Aber nein, er steht tats\u00e4chlich im Koog und redet mit den Betroffenen \u00fcber die Schlie\u00dfung. Ich wei\u00df nicht welches Wort dazu passt, ohne unsachlich zu werden.<\/p>\n<p>Klar, Kritiker sagen nun zurecht: Ihr Sozis seid nun aber dran, warum \u00e4ndert ihr das nicht? Berechtigter Einwurf. Wenn aber in Sparzeiten ein Kuchen zu verteilen ist, der dank der Schuldenbremse immer kleiner wird, dann setzt eine Regierung Priori\u00e4ten. Dazu kommen leider noch Gutachten und Gegengutachten, die den Entscheidern die Sachlage nur noch erschweren. Emotional ist die Entscheidung nicht schwer. Ich will &#8220;meinen&#8221; Hafen im Koog behalten. Dabei f\u00e4llt mir gerade auf, im Sprachgebrauch sagen wir nur &#8220;Koog&#8221;, und jeder wei\u00df was gemeint ist. (Bedenken wir. Der Landeshafen Friedrichkoog war einer unter vielen, der 3\/4 der gesamten bereitgestellten Gelder des Haushalts verschlang)<\/p>\n<p>Wir von der SPD-Dithmarschen begleiten seit einigen Jahren den Prozess in Friedrichskoog. Wir waren mehrfach vor Ort oder in Kiel im Wirtschaftsministerium. Haben stundenlange Gespr\u00e4che gef\u00fchrt und Besichtigungen gemacht. Niemals haben wir aufgegeben. Ich erinner mich noch gut an den Landesparteitag in L\u00fcbeck, als wir zwischen dem Wirtschaftsminister dem Innenmisister und dem Ministerpr\u00e4sidenten hin und her gelaufen sind, um noch einen Strohhalm zu erhaschen. Ja, der Innenminister und die Reform des kommunalen Wirtschaftsrechts ist unser letzter Strohlam. Damit k\u00f6nnte die Gemeinde n\u00e4mlich selbst Windm\u00fchlen betreiben, um so die Kosten des Hafens zu decken. W\u00e4re nur sch\u00f6n, wenn die Landesmittel in ein vern\u00fcnftiges Sp\u00fclpolderkonzept flie\u00dfen w\u00fcrden, so wie es auch an anderen H\u00e4fen in Niedersachsen funktioniert.<\/p>\n<p>Mehr zu dem <a href=\"https:\/\/dirk-diedrich.de\/2015\/11\/06\/mare-tv-und-abermals-der-hafen-in-friedrichskoog\/\" target=\"_blank\" rel=\"noopener\"><em><strong>Thema<\/strong><\/em><\/a><\/p>\n<p>Folgt mir auch gern auf <a href=\"https:\/\/twitter.com\/DirkDiedrich\" target=\"_blank\" rel=\"noopener\"><em><strong>TWITTER<\/strong><\/em><\/a><\/p>\n","protected":false},"excerpt":{"rendered":"<p>Ich sagte schon, dass ich Dithmarscher bin, oder? Wisst Ihr, was wir gar nicht m\u00f6gen? Menschen, die uns f\u00fcr dumm verkaufen wollen! Da posiert Daniel G\u00fcnther vor der Kulisse des Hafens in Friedrichskoog und macht einen auf verst\u00e4ndnisvoller Politiker. In mir drin kommen Gedanken wie: &#8220;Wenn ihr damals die Schlie\u00dfung nicht beschlossen h\u00e4ttet, dann k\u00f6nntest [&hellip;]<\/p>\n","protected":false},"author":1,"featured_media":112,"comment_status":"open","ping_status":"open","sticky":false,"template":"","format":"standard","meta":{"footnotes":""},"categories":[2],"tags":[20,54,56],"class_list":["post-71","post","type-post","status-publish","format-standard","has-post-thumbnail","hentry","category-dithmarschen","tag-friedrichskoog","tag-sozialdemokratie","tag-spd"],"_links":{"self":[{"href":"https:\/\/dirk-diedrich.de\/index.php?rest_route=\/wp\/v2\/posts\/71","targetHints":{"allow":["GET"]}}],"collection":[{"href":"https:\/\/dirk-diedrich.de\/index.php?rest_route=\/wp\/v2\/posts"}],"about":[{"href":"https:\/\/dirk-diedrich.de\/index.php?rest_route=\/wp\/v2\/types\/post"}],"author":[{"embeddable":true,"href":"https:\/\/dirk-diedrich.de\/index.php?rest_route=\/wp\/v2\/users\/1"}],"replies":[{"embeddable":true,"href":"https:\/\/dirk-diedrich.de\/index.php?rest_route=%2Fwp%2Fv2%2Fcomments&post=71"}],"version-history":[{"count":0,"href":"https:\/\/dirk-diedrich.de\/index.php?rest_route=\/wp\/v2\/posts\/71\/revisions"}],"wp:featuredmedia":[{"embeddable":true,"href":"https:\/\/dirk-diedrich.de\/index.php?rest_route=\/wp\/v2\/media\/112"}],"wp:attachment":[{"href":"https:\/\/dirk-diedrich.de\/index.php?rest_route=%2Fwp%2Fv2%2Fmedia&parent=71"}],"wp:term":[{"taxonomy":"category","embeddable":true,"href":"https:\/\/dirk-diedrich.de\/index.php?rest_route=%2Fwp%2Fv2%2Fcategories&post=71"},{"taxonomy":"post_tag","embeddable":true,"href":"https:\/\/dirk-diedrich.de\/index.php?rest_route=%2Fwp%2Fv2%2Ftags&post=71"}],"curies":[{"name":"wp","href":"https:\/\/api.w.org\/{rel}","templated":true}]}}