{"id":573,"date":"2017-09-28T13:45:44","date_gmt":"2017-09-28T11:45:44","guid":{"rendered":"https:\/\/dirk-diedrich.de\/?p=573"},"modified":"2017-09-28T13:45:44","modified_gmt":"2017-09-28T11:45:44","slug":"die-schwarze-ampel-befoerdert-die-lernenden-ins-abseits-nicht-zur-schule","status":"publish","type":"post","link":"https:\/\/dirk-diedrich.de\/?p=573","title":{"rendered":"Die Schwarze Ampel bef\u00f6rdert ins Abseits, nicht aber zur Schule!"},"content":{"rendered":"<h4><strong>Die Schwarze Ampel bef\u00f6rdert die Lernenden ins Abseits, nicht aber zur Schule!<\/strong><\/h4>\n<p><em>Zu den finanziellen Herausforderungen der Sch\u00fclerbef\u00f6rderung in Schleswig-Holstein erkl\u00e4rt Dirk Diedrich, Mitglied im SPD-Landesvorstand und Landesvorsitzender der Arbeitsgemeinschaft f\u00fcr Bildung der SPD Schleswig-Holstein:<\/em><br \/>\n<!--more--><\/p>\n<p>\u201eIn Schleswig-Holstein bedarf es dringend einer Verbesserung der Sch\u00fclerbef\u00f6rderung. Denn die kostenfreie Bef\u00f6rderung zur n\u00e4chstgelegenen Schule klappt f\u00fcr Sch\u00fclerinnen und Sch\u00fcler ab Klasse 10 nur, wenn keine Kreisgrenzen dazwischenliegen. Ansonsten ist Zahltag!<\/p>\n<h3>Das System ist verworren und ungerecht<\/h3>\n<p>Zu viele Ungerechtigkeiten, Gesetzeswirren und letztlich Zust\u00e4ndigkeitsstreitereien bauen unn\u00f6tige finanzielle H\u00fcrden f\u00fcr Eltern auf und lassen durch kommunale Zwiste finanzielle Reibungsverluste entstehen, die den Haushalt von Kommunen unn\u00f6tig belasten.<\/p>\n<p>&nbsp;<\/p>\n<p>Integrationskinder im Sekundarbereich beispielsweise werden auf Kosten der Eltern dorthin geschickt, wo es DaZ-Zentren gibt. Da kann es auch schon mal zu gr\u00f6\u00dferen Entfernungen und h\u00f6heren Kosten kommen. Von Auszubildenden und Studierenden ganz zu schweigen.<\/p>\n<h3>L\u00f6sungen<\/h3>\n<p>Die Regierung muss sich z\u00fcgig mit den Kreisen und den Schultr\u00e4gern in Verbindung setzen, um ein \u201eSch\u00fcler\/Azubi\/Studi-Ticket\u201c ins Leben zu rufen, wie es in vielen anderen Bundesl\u00e4ndern bereits existiert und schon l\u00e4nger von der SPD Schleswig-Holstein gefordert wird. Diesen Verwaltungsirrsinn weiter auf Kosten der Kinder und Eltern auszutragen, ist unverantwortlich. Es gibt gangbare L\u00f6sungen, man muss das vorhandene Geld nur an der richtigen Stelle ausgeben: f\u00fcr unsere Kinder!\u201c<\/p>\n<p><strong>\u00a0<\/strong><\/p>\n","protected":false},"excerpt":{"rendered":"<p>Die Schwarze Ampel bef\u00f6rdert die Lernenden ins Abseits, nicht aber zur Schule! Zu den finanziellen Herausforderungen der Sch\u00fclerbef\u00f6rderung in Schleswig-Holstein erkl\u00e4rt Dirk Diedrich, Mitglied im SPD-Landesvorstand und Landesvorsitzender der Arbeitsgemeinschaft f\u00fcr Bildung der SPD Schleswig-Holstein:<\/p>\n","protected":false},"author":1,"featured_media":73,"comment_status":"open","ping_status":"open","sticky":false,"template":"","format":"standard","meta":{"footnotes":""},"categories":[1,5],"tags":[11,15,52,54,56],"class_list":["post-573","post","type-post","status-publish","format-standard","has-post-thumbnail","hentry","category-allgemein","category-pressemitteilung","tag-bildung","tag-dithmarschen","tag-schuelerbefoerderung","tag-sozialdemokratie","tag-spd"],"_links":{"self":[{"href":"https:\/\/dirk-diedrich.de\/index.php?rest_route=\/wp\/v2\/posts\/573","targetHints":{"allow":["GET"]}}],"collection":[{"href":"https:\/\/dirk-diedrich.de\/index.php?rest_route=\/wp\/v2\/posts"}],"about":[{"href":"https:\/\/dirk-diedrich.de\/index.php?rest_route=\/wp\/v2\/types\/post"}],"author":[{"embeddable":true,"href":"https:\/\/dirk-diedrich.de\/index.php?rest_route=\/wp\/v2\/users\/1"}],"replies":[{"embeddable":true,"href":"https:\/\/dirk-diedrich.de\/index.php?rest_route=%2Fwp%2Fv2%2Fcomments&post=573"}],"version-history":[{"count":0,"href":"https:\/\/dirk-diedrich.de\/index.php?rest_route=\/wp\/v2\/posts\/573\/revisions"}],"wp:featuredmedia":[{"embeddable":true,"href":"https:\/\/dirk-diedrich.de\/index.php?rest_route=\/wp\/v2\/media\/73"}],"wp:attachment":[{"href":"https:\/\/dirk-diedrich.de\/index.php?rest_route=%2Fwp%2Fv2%2Fmedia&parent=573"}],"wp:term":[{"taxonomy":"category","embeddable":true,"href":"https:\/\/dirk-diedrich.de\/index.php?rest_route=%2Fwp%2Fv2%2Fcategories&post=573"},{"taxonomy":"post_tag","embeddable":true,"href":"https:\/\/dirk-diedrich.de\/index.php?rest_route=%2Fwp%2Fv2%2Ftags&post=573"}],"curies":[{"name":"wp","href":"https:\/\/api.w.org\/{rel}","templated":true}]}}