{"id":458,"date":"2017-05-12T07:19:41","date_gmt":"2017-05-12T05:19:41","guid":{"rendered":"https:\/\/dirk-diedrich.de\/?p=458"},"modified":"2017-05-12T07:19:41","modified_gmt":"2017-05-12T05:19:41","slug":"klarstellung-des-spd-antrages-zur-deckelung-der-elternbeitraege","status":"publish","type":"post","link":"https:\/\/dirk-diedrich.de\/?p=458","title":{"rendered":"Kitabeitr\u00e4ge in Heide: Klarstellung"},"content":{"rendered":"<p>Liebe Freunde, Leser, Eltern und Interessierte. Die Berichterstattung in der DLZ von heute ist leider zu kurz gesprungen. Erstens verdeckt sie die Sto\u00dfrichtung des Antrags der SPD-Fraktion, und zweitens verschweigt sie, dass die CDU Fraktion die Kitabeitr\u00e4ge in Heide f\u00fcr alle Eltern des Kitawerks faktisch\u00a0anheben wollte ehe die f\u00fcr zwei Jahre einzufrieren sind.<!--more--><\/p>\n<p>Unsere Pr\u00e4misse ist: Plausibilit\u00e4t und einfache Berechnung der Beitr\u00e4ge. Eine Zahl reicht. Zum Beispiel die 45 Euro\/Betreuungsstunde. Gebe ich mein Kind 4 Stunden ab, multipliziere ich 4 mal 45 ergibt 180 Euro.<\/p>\n<p>Die Deckelung\u00a0war in den 9 und 10 st\u00fcndigen Betreuungen gedacht. Da haben wir aber dann doch den Satz lieber gesenkt um eine Gleichbehandlung zu erm\u00f6glichen. Wenn man den Vorschlag der CDU sich ansieht, dann bemerkt man, dass sie nicht nach altersgemischten und reinen Gruppen unterscheiden und die Beitr\u00e4ge f\u00fcr die 8,9 und 10 Stunden gar nicht ver\u00f6ffentlichen.<\/p>\n<p>Die deutliche Ersparnis f\u00fcr die Eltern kann durch die Stadt getragen werden, denn\u00a0wenn wir uns Konzerte auf dem Marktplatz leisten k\u00f6nnen, dann k\u00f6nnen wir uns auch Kinder leisten, oder?<\/p>\n<p>Ehe wir von der Selbstverwaltung nicht in der Lage sind zu analysieren warum die Betreuungskosten in den letzten f\u00fcnf Jahren so expodiert sind, d\u00fcrfen wir die Eltern nicht weiter belasten. Erst, wenn volle Transparenz der Kosten f\u00fcr alle hergestellt ist, darf erneut \u00fcber die Elternbeitr\u00e4ge diskutiert werden. Der Zweckverband ist aufgefordert alle Zahlen transparent darzulegen, die nachweisen wie sich die realen Kosten zusammensetzen.<\/p>\n<p><strong>Demgem\u00e4\u00df sind folgende Elternentgelte festzulegen:<\/strong><\/p>\n<ul>\n<li><strong>45 Euro pro Tagesbetreuungsstunde, bis zu dem Monat in dem das Kind 3 Jahre alt wird, wenn das Kind in einer gef\u00f6rderten Tagespflege, Krippe oder altersgemischten Gruppe betreut wird.<\/strong><\/li>\n<li><strong>37 Euro pro Tagesbetreuungsstunde, ab dem Monat in dem das Kind 3 Jahre alt wird, wenn das Kind in einer gef\u00f6rderten Tagespflege, Krippe oder altersgemischten Gruppe betreut wird.<\/strong><\/li>\n<li><strong>35 Euro pro Betreuungsstunde, wenn das Kind in einer reinen \u00dc3 Gruppe vormittags, oder Ganztags betreut wird. <\/strong><\/li>\n<li><strong>Au\u00dferdem soll f\u00fcr alle Gruppe die maximale finanzielle Elternbeteiligung auf den Betrag der 8-Stunden-Betreuungsquote gedeckelt werden.<\/strong><\/li>\n<\/ul>\n<p>&nbsp;<\/p>\n<p>Zur besseren Veranschaulichung ergeben sich aus der Anwendung der obengenannten, w\u00f6chentlichen Betreuungszeiten, f\u00fcr die Eltern folgende Monatsentgelte:<\/p>\n<p>&nbsp;<\/p>\n<table width=\"923\">\n<tbody>\n<tr>\n<td width=\"143\"><\/td>\n<td width=\"303\">Kind bis 3 Jahre (U3) Krippe,<\/p>\n<p>altersgemischte Gruppe<\/td>\n<td width=\"250\">Kind \u00fcber 3 Jahre (\u00dc3)<\/p>\n<p>alters.-gem. Gruppe<\/td>\n<td width=\"227\">\u00dc3 \u2013<\/p>\n<p>Gruppe (reine)<\/td>\n<\/tr>\n<tr>\n<td width=\"143\"><strong>Std.<\/strong><\/td>\n<td width=\"303\"><strong>\u00a045,00\u20ac<\/strong><\/td>\n<td width=\"250\"><strong>37,00 \u20ac<\/strong><\/td>\n<td width=\"227\"><strong>35,00\u20ac<\/strong><\/td>\n<\/tr>\n<tr>\n<td width=\"143\">4<\/td>\n<td width=\"303\">\u00a0180,00\u20ac<\/td>\n<td width=\"250\">148,00\u20ac<\/td>\n<td width=\"227\"><\/td>\n<\/tr>\n<tr>\n<td width=\"143\">5<\/td>\n<td width=\"303\">\u00a0 225,00\u20ac<\/td>\n<td width=\"250\">185,00\u20ac<\/td>\n<td width=\"227\">\u00a0175,00\u20ac<\/td>\n<\/tr>\n<tr>\n<td width=\"143\">6<\/td>\n<td width=\"303\">\u00a0 270,00\u20ac<\/td>\n<td width=\"250\">222,00\u20ac<\/td>\n<td width=\"227\"><\/td>\n<\/tr>\n<tr>\n<td width=\"143\">7<\/td>\n<td width=\"303\">\u00a0 315,00\u20ac<\/td>\n<td width=\"250\">259,00\u20ac<\/td>\n<td width=\"227\"><\/td>\n<\/tr>\n<tr>\n<td width=\"143\">8<\/td>\n<td width=\"303\">\u00a0 360,00\u20ac<\/td>\n<td width=\"250\">296,00\u20ac<\/td>\n<td width=\"227\">\u00a0280,00\u20ac<\/td>\n<\/tr>\n<tr>\n<td width=\"143\">9<\/td>\n<td width=\"303\">\u00a0 405,00\u20ac<\/td>\n<td width=\"250\">333,00\u20ac<\/td>\n<td width=\"227\"><\/td>\n<\/tr>\n<tr>\n<td width=\"143\">10<\/td>\n<td width=\"303\">\u00a0 450,00\u20ac<\/td>\n<td width=\"250\">370,00\u20ac<\/td>\n<td width=\"227\"><\/td>\n<\/tr>\n<\/tbody>\n<\/table>\n<p>&nbsp;<\/p>\n","protected":false},"excerpt":{"rendered":"<p>Liebe Freunde, Leser, Eltern und Interessierte. Die Berichterstattung in der DLZ von heute ist leider zu kurz gesprungen. Erstens verdeckt sie die Sto\u00dfrichtung des Antrags der SPD-Fraktion, und zweitens verschweigt sie, dass die CDU Fraktion die Kitabeitr\u00e4ge in Heide f\u00fcr alle Eltern des Kitawerks faktisch\u00a0anheben wollte ehe die f\u00fcr zwei Jahre einzufrieren sind.<\/p>\n","protected":false},"author":1,"featured_media":9,"comment_status":"open","ping_status":"open","sticky":false,"template":"","format":"standard","meta":{"footnotes":""},"categories":[1,3,5],"tags":[],"class_list":["post-458","post","type-post","status-publish","format-standard","has-post-thumbnail","hentry","category-allgemein","category-heide","category-pressemitteilung"],"_links":{"self":[{"href":"https:\/\/dirk-diedrich.de\/index.php?rest_route=\/wp\/v2\/posts\/458","targetHints":{"allow":["GET"]}}],"collection":[{"href":"https:\/\/dirk-diedrich.de\/index.php?rest_route=\/wp\/v2\/posts"}],"about":[{"href":"https:\/\/dirk-diedrich.de\/index.php?rest_route=\/wp\/v2\/types\/post"}],"author":[{"embeddable":true,"href":"https:\/\/dirk-diedrich.de\/index.php?rest_route=\/wp\/v2\/users\/1"}],"replies":[{"embeddable":true,"href":"https:\/\/dirk-diedrich.de\/index.php?rest_route=%2Fwp%2Fv2%2Fcomments&post=458"}],"version-history":[{"count":0,"href":"https:\/\/dirk-diedrich.de\/index.php?rest_route=\/wp\/v2\/posts\/458\/revisions"}],"wp:featuredmedia":[{"embeddable":true,"href":"https:\/\/dirk-diedrich.de\/index.php?rest_route=\/wp\/v2\/media\/9"}],"wp:attachment":[{"href":"https:\/\/dirk-diedrich.de\/index.php?rest_route=%2Fwp%2Fv2%2Fmedia&parent=458"}],"wp:term":[{"taxonomy":"category","embeddable":true,"href":"https:\/\/dirk-diedrich.de\/index.php?rest_route=%2Fwp%2Fv2%2Fcategories&post=458"},{"taxonomy":"post_tag","embeddable":true,"href":"https:\/\/dirk-diedrich.de\/index.php?rest_route=%2Fwp%2Fv2%2Ftags&post=458"}],"curies":[{"name":"wp","href":"https:\/\/api.w.org\/{rel}","templated":true}]}}