{"id":440,"date":"2017-05-05T19:34:09","date_gmt":"2017-05-05T17:34:09","guid":{"rendered":"https:\/\/dirk-diedrich.de\/?p=440"},"modified":"2017-05-05T19:34:09","modified_gmt":"2017-05-05T17:34:09","slug":"also-die-spd-kann-man-doch-nicht-waehlen-aehm-doch","status":"publish","type":"post","link":"https:\/\/dirk-diedrich.de\/?p=440","title":{"rendered":"&#8220;Also, die SPD kann man doch nicht w\u00e4hlen!&#8221; \u00c4hm, Doch!"},"content":{"rendered":"<p>Die SPD w\u00e4re nicht w\u00e4hlbar, diesen Satz lese ich immer h\u00e4ufiger in den sozialen Medien und ich frage mich woher der Satz wohl kommt. Egal um welches Thema es geht. Sei es Windenergie hier in Dithmarschen, der Hafen in Friedrichskoog, die Landesstra\u00dfen in der Marsch und auf der Geest, die Stra\u00dfenausbaubeitr\u00e4ge in Heide, die Kita Geb\u00fchren die viel zu hoch sind, der Stress um G8\/G9. \u00a0Diese Liste lie\u00dfe sich fortsetzen.<!--more--><\/p>\n<h3>Schuldfrage:<\/h3>\n<p>Nun ist die Frage die ich mir stelle. Ist die SPD wirklich an allen Schuld? Ich nehme mal die Antwort in teilen vor weg, nein ist sie nat\u00fcrlich nicht. Aber das Problem der Menschen mit der Politik verstehe ich! Da will ich mich mal zu &#8220;auslassen&#8221;. Ihr versteht, wenn das in gewohnt wirrer Art und Weise geschieht, denn ich bin in Deutsch nicht die Leuchte in der Schule gewesen.<\/p>\n<p>Jedes einzelne angesprochene Problem hat eine LAAAANGE Hintergrundgeschichte, dahinter verstecken sich zig Gesetze, Beschl\u00fcsse und sonstiges Zeug das keiner h\u00f6ren will. Dieses &#8220;Das will keiner h\u00f6ren.&#8221;, ist das Problem. Alle Leute mit denen ich rede erz\u00e4hlen mir die Probleme immer unter der selben Lupe ihres eigenen Problems. Die Lupe ist vielleicht ne schlechte Metapher, aber sie trifft es eigentlich. Die Leute sehen ihr Problem, und der, der verspricht es zu beseitigen ist der\/die richtige Mann\/Frau. Schon ist das Problem erledigt. Kurz knapp und chirurgisch gel\u00f6st. Damit manifestiert sich eine Meinung an einem ganz einfachen Gegenstand. Der Blick f\u00fcr das Ganze entschwindet. Ich will mal die n\u00e4chste Metapher bem\u00fchen. Wenn ich laut an einer Stra\u00dfe schreie, dass ich da r\u00fcber will, dann kommt ein Onkel, der mich h\u00f6rt und mir \u00fcber die Stra\u00dfe hilft. Der ist dann der &#8220;Gute&#8221;. Der, der die Stra\u00dfe gebaut hat ist der Idiot. Politik ist aber mehr. Politik ist, wenn man sich hinsetzt und mit mehreren Leuten zusammen entweder eine neue Stra\u00dfenf\u00fchrung macht oder \u00fcber eine Ampel nachdenkt. Das geht in der Regel nicht von jetzt auf gleich.<\/p>\n<p>Viele Leute betrachten nicht die Wertebilder hinter den verschiedenen politischen Organisationen.<\/p>\n<h3>Werte der Partei?<\/h3>\n<p>Die Liberalen sind latent wirtschaftsfreundlich, denn nur Arbeitgeber sorgen daf\u00fcr, dass Arbeitnehmer Lohn und Brot haben. Ergo werden sie nicht f\u00fcr die Abschaffung der Stra\u00dfenausbaubeitr\u00e4ge werben, weil ihnen mein Haus so wichtig ist, sondern weil es ihnen wichtig ist, dass Firma XY die mit den LKW&#8217;s die Stra\u00dfe kaputt f\u00e4hrt nicht an den Beitr\u00e4gen beteiligt wird, sondern weil \u00fcber andere T\u00f6pfe, wo die gesamte Solidargemeinschaft, oder sogar nur Arbeitnehmerinnen und Arbeitnehmer einzahlen diese Ma\u00dfnahme finanziert werden soll. Das war nun ein kompliziertes Beispiel aber ich hoffe transparent.<\/p>\n<p>Die Wertebilder der Parteien sind meiner Meinung nach viel zu unklar mittlerweile. W\u00e4ren sie klar, dann w\u00fcrde man dicht auf solche Lockangebote hereinfallen, sondern eine Partei, die einem in den eigenen Werten nahe steht dazu bewegen sich programmatisch auf den Weg zu machen da war daran zu \u00e4ndern. Im \u00fcbrigen ist genau das mein Antrieb warum ich Politik mache. Politik ist kein Sushi-Tresen wo man sich hier und da was rauspickt, was einem gerade am besten passt. Es ist sogar super gef\u00e4hrlich.<\/p>\n<h3>Mal anschaulicher&#8230;<\/h3>\n<p>Das beste Beispiel daf\u00fcr ist die Aussetzung der Abschiebung nach Afghanistan. Es geht bundesweit um 100 Menschen. In SH etwa eine handvoll Leute. Die letzte Nachricht \u00fcber Bomben in Kabul ist noch keine 48 h her. Trotzdem wird politisch so argumentiert, als w\u00fcrden diese paar Menschen den finanziellen Untergang des Abendlandes bedeuten. Ich bin geschockt, wie gut der Apparat der Konservativen und der neo-rechten funktioniert, dass viele von uns sich wirklich auf diese Art Neiddebatte einlassen. Die sitzen auf ihren Milliarden und schmei\u00dfen uns einen Hundert-Euro Schein vor die F\u00fc\u00dfe und erg\u00f6tzen sich daran, wie wir uns um das Geld pr\u00fcgeln. So, nun mal selber kurz nachdenken.<\/p>\n<p>Die Bankenrettung wird von den neo-rechtsliberalen immer als Frevel schlechthin dargestellt. Klar, es ging um unser Geld. Nicht um das Geld der Konzerne! Ich bem\u00fche jetzt mal wieder das Beispiel von oben und danach. Selbst, wenn die sagen, dass sie das \u00e4ndern wollen. Fragt irgendwer nach dem Motor, warum sie es \u00e4ndern wollen? Na, sicher nicht, damit wir weniger Steuern zahlen, sondern, damit deren Taschen noch voller werden.<\/p>\n<p>Ich quatsch mich hier in Rage und um Kopf und Kragen.<\/p>\n<h3>SPD und Sozialdemokratie als L\u00f6sung:<\/h3>\n<p>Wir m\u00fcssen, wenn uns was nicht passt, die Grundwerte einer Partei erkennen und uns IN der Partei laut engagieren. Es hat keinen Sinn eine Herde zu schlachten, wenn das Leittier in die falsche Richtung l\u00e4uft!<\/p>\n<p>Sozialdemokratie steht f\u00fcr Freiheit Gerechtigkeit und Solidarit\u00e4t.<\/p>\n<p>Wir k\u00f6nnen ein Problem das alle angeht nur gemeinsam l\u00f6sen, um Friedrich D\u00fcrrenmatt mal frei zu zitieren. Darum hilft: Werdet Teil der Bewegung, gestaltet Euer Land! Wer nicht agiert, wird regiert!<\/p>\n<p>&nbsp;<\/p>\n","protected":false},"excerpt":{"rendered":"<p>Die SPD w\u00e4re nicht w\u00e4hlbar, diesen Satz lese ich immer h\u00e4ufiger in den sozialen Medien und ich frage mich woher der Satz wohl kommt. Egal um welches Thema es geht. Sei es Windenergie hier in Dithmarschen, der Hafen in Friedrichskoog, die Landesstra\u00dfen in der Marsch und auf der Geest, die Stra\u00dfenausbaubeitr\u00e4ge in Heide, die Kita [&hellip;]<\/p>\n","protected":false},"author":1,"featured_media":9,"comment_status":"open","ping_status":"open","sticky":false,"template":"","format":"standard","meta":{"footnotes":""},"categories":[1],"tags":[54,56],"class_list":["post-440","post","type-post","status-publish","format-standard","has-post-thumbnail","hentry","category-allgemein","tag-sozialdemokratie","tag-spd"],"_links":{"self":[{"href":"https:\/\/dirk-diedrich.de\/index.php?rest_route=\/wp\/v2\/posts\/440","targetHints":{"allow":["GET"]}}],"collection":[{"href":"https:\/\/dirk-diedrich.de\/index.php?rest_route=\/wp\/v2\/posts"}],"about":[{"href":"https:\/\/dirk-diedrich.de\/index.php?rest_route=\/wp\/v2\/types\/post"}],"author":[{"embeddable":true,"href":"https:\/\/dirk-diedrich.de\/index.php?rest_route=\/wp\/v2\/users\/1"}],"replies":[{"embeddable":true,"href":"https:\/\/dirk-diedrich.de\/index.php?rest_route=%2Fwp%2Fv2%2Fcomments&post=440"}],"version-history":[{"count":0,"href":"https:\/\/dirk-diedrich.de\/index.php?rest_route=\/wp\/v2\/posts\/440\/revisions"}],"wp:featuredmedia":[{"embeddable":true,"href":"https:\/\/dirk-diedrich.de\/index.php?rest_route=\/wp\/v2\/media\/9"}],"wp:attachment":[{"href":"https:\/\/dirk-diedrich.de\/index.php?rest_route=%2Fwp%2Fv2%2Fmedia&parent=440"}],"wp:term":[{"taxonomy":"category","embeddable":true,"href":"https:\/\/dirk-diedrich.de\/index.php?rest_route=%2Fwp%2Fv2%2Fcategories&post=440"},{"taxonomy":"post_tag","embeddable":true,"href":"https:\/\/dirk-diedrich.de\/index.php?rest_route=%2Fwp%2Fv2%2Ftags&post=440"}],"curies":[{"name":"wp","href":"https:\/\/api.w.org\/{rel}","templated":true}]}}