{"id":155,"date":"2015-10-01T11:13:15","date_gmt":"2015-10-01T09:13:15","guid":{"rendered":"http:\/\/dirk-diedrich.de\/?p=155"},"modified":"2015-10-01T11:13:15","modified_gmt":"2015-10-01T09:13:15","slug":"kurzschluss-bei-der-telekom","status":"publish","type":"post","link":"https:\/\/dirk-diedrich.de\/?p=155","title":{"rendered":"Kurzschluss bei der Telekom"},"content":{"rendered":"<p>Wenn man seine Rechnung ohne den Wirt, in diesem Fall ohne die CDU-Fraktion in Heide macht, dann kann das b\u00f6se enden. In meinem Kopf h\u00fcpft derzeit der Duracellhase und trommelt. Noch kann ich das gar nicht einsortieren.<!--more--><\/p>\n<p>Ganz kurz ein historischer R\u00fcckblick. Vielleicht versteht man mich dann besser. Die Deutsche Post hat in den 1980ern ein riesiges Verwaltungsgeb\u00e4ude f\u00fcr \u00fcber 60 Millionen Mark in Heide bauen lassen. Dem Fachmann ist bestimmt schon aufgefallen, dass Heides Vorwahl 0481 ist. Wie in Kiel, L\u00fcbeck, Bremen oder Hannover also. Es ist eben ein &#8220;Hauptknoten&#8221; hier. Aus diesem Geb\u00e4ude hat die jetzige Telekom mittlerweile vollst\u00e4ndig zur\u00fcckgezogen. Vor Jahren gab es Versuche, das Haus f\u00fcr einige Millionen Euro zu verkaufen, aber das scheiterte wohl am Kaufpreis bzw. daran, dass es nur wenige gro\u00dfe Unternehmen in der N\u00e4he gibt, die wirklich Platz f\u00fcr \u00fcber 200 B\u00fcromitarbeiter brauchen. Nun l\u00e4uft im Moment ein Bieterverfahren um das Geb\u00e4ude zu &#8220;versteigern&#8221;. Also \u00e4hnlich wie bei E-Bay. Man gibt ein Gebot ab, und wenn man \u00fcberboten wurde hat man die M\u00f6glichkeit h\u00f6her zu bieten. Sachlage soweit klar? Ich hoffe. Hm. Der gr\u00f6\u00dfte Mieter im Telekomgeb\u00e4ude ist \u00fcbrigens der Kita-Zweckverband Heide-Umland, der da provisorisch (ich finde das \u00fcbrigens sogar sehr toll) die Kinder der Kita Nordlichter beherbergt. Ihr erinnert Euch an die Presseberichte zum Schimmelbefall in der neu gebauten Kita.<\/p>\n<p>So, angenommen die Stadt Heide h\u00e4tte eine Volkshochschule, die saniert werden muss (\u00e4h, muss sie), und angenommen die Stadt br\u00e4uchte R\u00e4ume f\u00fcr die Musikschule, wo man barrierefrei unterrichten kann (brauchen wir). Oder wir geben viel Miete f\u00fcr eine Entwicklungsagentur aus, die in den &#8220;Hamburger H\u00f6fen&#8221; eingemietet sind. Nebenbei k\u00f6nnte man da vor Ort auch &#8220;start-ups&#8221; vermitteln und g\u00fcnstig B\u00fcror\u00e4ume anbieten. Zus\u00e4tzlich mal angenommen wir w\u00fcrden ein Rathaus haben, welches dringend f\u00fcr mehrere Millionen Euro saniert werden muss (nat\u00fcrlich ist das so, und jedes Jahr kostet es richtig Kohle, es zu &#8220;ert\u00fcchtigen&#8221;, man denke nur an die aktuelle Haushaltsdebatte), oder vielleicht steht in der N\u00e4he sogar ein Kreishaus, das \u00e4hnliche bauliche Probleme hat wie das Rathaus&#8230;<\/p>\n<p>Dann k\u00f6nnte man nat\u00fcrlich f\u00fcr einen zweistelligen Millionenbetrag einen Neubau planen, oder aber wenn man es wirklich will&#8230; na? Ihr merkt es ja? Nat\u00fcrlich, man k\u00f6nnte zum Beispiel das Telekomgeb\u00e4ude nutzen, um entweder das Rathaus da zu &#8220;parken&#8221;, w\u00e4hrend man das alte saniert. Das Haus an die Kreisverwaltung vermieten, w\u00e4hrend die ihr Haus sanieren oder aber mit beiden Verwaltungen dort einziehen. Platz w\u00e4re dort genug.<\/p>\n<p>Nat\u00fcrlich nur, wenn man Willens ist, zu sparen!<\/p>\n<p>Tja, eigentlich waren sich alle Ratsfraktionen, ausser der FDP, einig, dass wir das riskieren sollten. Aber wenn man seine Rechnung ohne den Wirt, in diesem Fall ohne den B\u00fcrgermeister, macht, dann f\u00e4llt man schnell auf den Boden der Tatsachen. Oder umgangssprachlich auf die Schnauze.<\/p>\n<p>Ach, nebenbei steht in Elmshorn seit ein paar Jahren die neue Kreisverwaltung des Kreises Pinneberg. Ja, NICHT mehr in Pinneberg, sondern eben in Elmshorn. Am Stadtrand, v\u00f6llig dezentral, und es klappt hervorragend. Der Kreis hat das alte &#8220;Talkline&#8221;- Geb\u00e4ude erworben und eben das gemacht, was betriebswirtschaftlich vern\u00fcnftig ist! Klasse Entscheidung, so hat man Gelder freigesetzt, um andere Projekte, zum Beispiel den Neubau einer Werkstatt an der Beruflichen Schule in Elmshorn, oder den Neubau der Beruflichen Schule in Pinneberg zu st\u00e4mmen. Toll, es geht \u00fcberall, nur in Heide eben nicht.<\/p>\n<p>Nebenbei: die Unterbringung von Gefl\u00fccheten in einem abgesperrten Geb\u00e4ude der aktiven Wulf-Isebrand-Kaserne halte ich f\u00fcr v\u00f6llig daneben! Mal im Ernst, hat da mal irgendwer \u00fcber das Wort &#8220;Trauma&#8221; nachgedacht? Ich will dazu eine kleine Geschichte erz\u00e4hlen, die ich mit meinem Vater erlebt habe.<\/p>\n<p>Mein Vater ist zwar schon seit 20 Jahren tot, aber ich erinner mich super an eine Szene mit meinem &#8220;alten Herrn&#8221;. Wir waren mit dem Wohnmobil zu einem &#8220;M\u00e4nnerwochenende&#8221; in die L\u00fcneburger Heide aufgebrochen und sa\u00dfen am Fr\u00fchst\u00fcck als ich ein leises Brummen vernahm. Das Brummen wurde lauter und lauter. Bis es zu einem Beben wurde. Es passierten uns einige britsche Panzer in geringem Abstand. Ich schaute ihnen interessiert nach und achtete deswegen nicht sofort auf meinen Vater. Als ich zu ihm r\u00fcber sah, da sa\u00df er tr\u00e4nen\u00fcberstr\u00f6mt wie ein hypnotisiertes Kaninchen da. Nicht in der Lage zu reden. Es dauerte einige Minuten bis er ansprechbar war. Kriegstrauma! Dabei war zu dem Zeitpunkt der Krieg weit weit weg und lange her. Nach einer halben Stunde haben wir versucht dar\u00fcber zu reden. Er erk\u00e4rte mir die Geschichte aus der Kindheit, welcher Film in dem Moment in seinem Kopf ablief. Ich habe ihn verstanden! Nein, Gefl\u00fcchtete geh\u00f6ren nicht an einen Ort, wo es Uniformen und Milit\u00e4rfahrzeuge gibt! Auch f\u00fcr eine \u00dcbergangsl\u00f6sung k\u00f6nnte man R\u00e4ume in dem Telekomgeb\u00e4ude abtrennen und dann in Ruhe Wohnraum f\u00fcr Gefl\u00fcchtete errichten, der den Menschen eine bestm\u00f6gliche Integration und Akzeptanz innerhalb der Bev\u00f6lkerung erm\u00f6glichtn, wenn man es denn wirklich will!!!<\/p>\n<p>&nbsp;<\/p>\n","protected":false},"excerpt":{"rendered":"<p>Wenn man seine Rechnung ohne den Wirt, in diesem Fall ohne die CDU-Fraktion in Heide macht, dann kann das b\u00f6se enden. In meinem Kopf h\u00fcpft derzeit der Duracellhase und trommelt. Noch kann ich das gar nicht einsortieren.<\/p>\n","protected":false},"author":1,"featured_media":160,"comment_status":"open","ping_status":"open","sticky":false,"template":"","format":"standard","meta":{"footnotes":""},"categories":[3],"tags":[],"class_list":["post-155","post","type-post","status-publish","format-standard","has-post-thumbnail","hentry","category-heide"],"_links":{"self":[{"href":"https:\/\/dirk-diedrich.de\/index.php?rest_route=\/wp\/v2\/posts\/155","targetHints":{"allow":["GET"]}}],"collection":[{"href":"https:\/\/dirk-diedrich.de\/index.php?rest_route=\/wp\/v2\/posts"}],"about":[{"href":"https:\/\/dirk-diedrich.de\/index.php?rest_route=\/wp\/v2\/types\/post"}],"author":[{"embeddable":true,"href":"https:\/\/dirk-diedrich.de\/index.php?rest_route=\/wp\/v2\/users\/1"}],"replies":[{"embeddable":true,"href":"https:\/\/dirk-diedrich.de\/index.php?rest_route=%2Fwp%2Fv2%2Fcomments&post=155"}],"version-history":[{"count":0,"href":"https:\/\/dirk-diedrich.de\/index.php?rest_route=\/wp\/v2\/posts\/155\/revisions"}],"wp:featuredmedia":[{"embeddable":true,"href":"https:\/\/dirk-diedrich.de\/index.php?rest_route=\/wp\/v2\/media\/160"}],"wp:attachment":[{"href":"https:\/\/dirk-diedrich.de\/index.php?rest_route=%2Fwp%2Fv2%2Fmedia&parent=155"}],"wp:term":[{"taxonomy":"category","embeddable":true,"href":"https:\/\/dirk-diedrich.de\/index.php?rest_route=%2Fwp%2Fv2%2Fcategories&post=155"},{"taxonomy":"post_tag","embeddable":true,"href":"https:\/\/dirk-diedrich.de\/index.php?rest_route=%2Fwp%2Fv2%2Ftags&post=155"}],"curies":[{"name":"wp","href":"https:\/\/api.w.org\/{rel}","templated":true}]}}